




{"id":1593,"date":"2022-05-17T15:33:44","date_gmt":"2022-05-17T13:33:44","guid":{"rendered":"https:\/\/bdt.gers.fr\/portail\/?p=1593"},"modified":"2022-05-19T15:46:13","modified_gmt":"2022-05-19T13:46:13","slug":"bdt32-mise-a-jour-des-points-de-captage-deau-potable-et-zones-de-protection","status":"publish","type":"post","link":"https:\/\/bdt.gers.fr\/portail\/bdt32-mise-a-jour-des-points-de-captage-deau-potable-et-zones-de-protection\/","title":{"rendered":"Ajout 2022 : Points de captage d&rsquo;eau potable"},"content":{"rendered":"<p>L&rsquo;Agence R\u00e9gionale de Sant\u00e9 Occitanie met \u00e0 disposition la localisation des captages d&rsquo;eau destin\u00e9e \u00e0 la consommation humaine. Elles sont accompagn\u00e9es des p\u00e9rim\u00e8tres de protection imm\u00e9diat, rapproch\u00e9 et \u00e9loign\u00e9.<\/p>\n<p>Elles sont consultables dans Carto 32 \u00e0 la rubrique <strong>BDT &gt; ARS<\/strong>.<\/p>\n<p>&nbsp;<\/p>\n","protected":false},"excerpt":{"rendered":"<p>L&rsquo;Agence R\u00e9gionale de Sant\u00e9 Occitanie met \u00e0 disposition la localisation des captages d&rsquo;eau destin\u00e9e \u00e0 la consommation humaine. Elles sont accompagn\u00e9es des p\u00e9rim\u00e8tres de protection imm\u00e9diat, rapproch\u00e9 et \u00e9loign\u00e9. Elles&#8230;<\/p>\n","protected":false},"author":2,"featured_media":1596,"comment_status":"closed","ping_status":"closed","sticky":true,"template":"","format":"standard","meta":[],"categories":[74,4],"tags":[],"_links":{"self":[{"href":"https:\/\/bdt.gers.fr\/portail\/wp-json\/wp\/v2\/posts\/1593"}],"collection":[{"href":"https:\/\/bdt.gers.fr\/portail\/wp-json\/wp\/v2\/posts"}],"about":[{"href":"https:\/\/bdt.gers.fr\/portail\/wp-json\/wp\/v2\/types\/post"}],"author":[{"embeddable":true,"href":"https:\/\/bdt.gers.fr\/portail\/wp-json\/wp\/v2\/users\/2"}],"replies":[{"embeddable":true,"href":"https:\/\/bdt.gers.fr\/portail\/wp-json\/wp\/v2\/comments?post=1593"}],"version-history":[{"count":4,"href":"https:\/\/bdt.gers.fr\/portail\/wp-json\/wp\/v2\/posts\/1593\/revisions"}],"predecessor-version":[{"id":1603,"href":"https:\/\/bdt.gers.fr\/portail\/wp-json\/wp\/v2\/posts\/1593\/revisions\/1603"}],"wp:featuredmedia":[{"embeddable":true,"href":"https:\/\/bdt.gers.fr\/portail\/wp-json\/wp\/v2\/media\/1596"}],"wp:attachment":[{"href":"https:\/\/bdt.gers.fr\/portail\/wp-json\/wp\/v2\/media?parent=1593"}],"wp:term":[{"taxonomy":"category","embeddable":true,"href":"https:\/\/bdt.gers.fr\/portail\/wp-json\/wp\/v2\/categories?post=1593"},{"taxonomy":"post_tag","embeddable":true,"href":"https:\/\/bdt.gers.fr\/portail\/wp-json\/wp\/v2\/tags?post=1593"}],"curies":[{"name":"wp","href":"https:\/\/api.w.org\/{rel}","templated":true}]}}